{"id":8408,"date":"2019-11-01T12:46:09","date_gmt":"2019-11-01T11:46:09","guid":{"rendered":"http:\/\/www.centroorizzontelavoro.it\/?p=8408"},"modified":"2020-02-27T12:28:13","modified_gmt":"2020-02-27T11:28:13","slug":"corso-riforma-terzo-settore","status":"publish","type":"post","link":"http:\/\/www.centroorizzontelavoro.it\/index.php\/2019\/11\/01\/corso-riforma-terzo-settore\/","title":{"rendered":"Corso &#8220;Riforma Terzo Settore&#8221;"},"content":{"rendered":"<div id=\"pl-8408\"  class=\"panel-layout\" ><div id=\"pg-8408-0\"  class=\"panel-grid panel-no-style\" ><div id=\"pgc-8408-0-0\"  class=\"panel-grid-cell\" ><div id=\"panel-8408-0-0-0\" class=\"so-panel widget widget_sow-editor panel-first-child\" data-index=\"0\" ><div class=\"so-widget-sow-editor so-widget-sow-editor-base\"><h3 class=\"widget-title\">PREMESSA<\/h3>\n<div class=\"siteorigin-widget-tinymce textwidget\">\n\t<p style=\"text-align: justify;\">La riforma in atto del terzo settore disegna una nuova e unitaria carta d\u2019identit\u00e0 per il terzo settore che\u00a0semplifica, finalmente, e riordina tutta la normativa in atto esistente,<br \/>\nintroduce il Registro Nazionale del Terzo Settore, disciplinando le modalit\u00e0 dell\u2019iscrizione, obbligatoria per numerose categorie di enti.<\/p>\n<p style=\"text-align: justify;\">Viene rivista la normativa in materia di volontariato e impresa sociale e si prevede l\u2019aumento delle categorie di lavoratori svantaggiati.<\/p>\n<p style=\"text-align: justify;\">Viene inoltre prevista la semplificazione della normativa fiscale e l\u2019istituzione di misure di sostegno economico, come alcuni strumenti di finanza sociale, l\u2019agevolazione delle donazioni, la costituzione di un fondo presso il Ministero del Lavoro e delle Politiche Sociali, il consolidamento e una pi\u00f9 trasparente regolazione del cinque per mille. A fronte di tale incentivazione, alle organizzazioni del terzo settore \u00e8 per\u00f2 richiesta una maggiore trasparenza.<\/p>\n<p style=\"text-align: justify;\">Una delle grandi novit\u00e0 della nuova normativa sul non profit in Italia \u00e8 l\u2019introduzione di un\u2019unica categoria che definisce i contorni di questo variegato mondo: gli\u00a0enti del terzo settore (Ets), accomunati da uno stesso profilo giuridico, dall\u2019iscrizione al\u00a0registro unico nazionale del terzo settore (Runts)\u00a0e dalla presenza di\u00a0attivit\u00e0 volontaria.\u00a0Una grande famiglia in cui soggetti diversi operano secondo regole e finalit\u00e0 comuni.<\/p>\n<p style=\"text-align: justify;\">Per diventare Ets \u00e8 necessario perseguire finalit\u00e0 civiche, solidaristiche e di utilit\u00e0 sociale mediante lo svolgimento di una o pi\u00f9\u00a0attivit\u00e0 di interesse generale\u00a0 tra quelle individuate in un elenco di 26 aree di intervento di grande importanza per la vita delle comunit\u00e0.<\/p>\n<p style=\"text-align: justify;\">La riforma identifica e innova diverse categorie di Ets con caratteristiche specifiche e ogni tipologia trova spazio in sezioni diverse del registro unico nazionale del terzo settore: le\u00a0organizzazioni di volontariato, le\u00a0associazioni di promozione sociale (Aps) e le\u00a0imprese sociali, totalmente rinnovate e potenziate rispetto al passato e gli\u00a0enti filantropici, che comprendono le cooperative sociali, le\u00a0reti associative, e le\u00a0societ\u00e0 di mutuo soccorso e altri Ets.\u00a0Per tutti gli enti non profit gi\u00e0 esistenti che vogliono essere riconosciuti si rende necessario l\u2019adeguamento dello statuto.<\/p>\n<p>Infine, la riforma istituisce un nuovo sistema di\u00a0incentivi e finanziamenti per\u00a0il sostegno e lo sviluppo del Terzo Settore. Tra questi il fondo per il finanziamento di progetti e attivit\u00e0 di interesse generale, un sistema di risorse finanziarie pubbliche per le Odv, le Aps e per finanziare l\u2019acquisto di autoambulanze, autoveicoli per attivit\u00e0 sanitarie e beni strumentali e altre forme di sostegno al terzo settore.<\/p>\n<p style=\"text-align: justify;\">Viene introdotta, infine, una nuova configurazione della governance del sistema, con la previsione di un organismo nazionale e di organismi territoriali di controllo.<\/p>\n<p style=\"text-align: justify;\">Come si vede, si tratta di una vera e propria rivoluzione che gli addetti ai lavori e chi opera in una organizzazione senza scopo di lucro non pu\u00f2 non conoscere.<\/p>\n<\/div>\n<\/div><\/div><div id=\"panel-8408-0-0-1\" class=\"so-panel widget widget_sow-editor\" data-index=\"1\" ><div class=\"so-widget-sow-editor so-widget-sow-editor-base\"><h3 class=\"widget-title\">OBIETTIVI<\/h3>\n<div class=\"siteorigin-widget-tinymce textwidget\">\n\t<ul>\n<li style=\"text-align: justify;\">Acquisire una maggiore ed adeguata conoscenza riguardo la Riforma del Terzo Settore con focus specifico sul D. Lgs. 117\/2017 e successive modifiche per poter essere in grado di orientare le scelte organizzative pi\u00f9 adeguate per le proprie organizzazioni.<\/li>\n<li style=\"text-align: justify;\">Possedere gli strumenti adatti per un maggiore e proficuo posizionamento nell\u2019ambito del lavoro sociale per dare risposte ai bisogni dei territori.<\/li>\n<li style=\"text-align: justify;\">Rispondere al bisogno di tenersi aggiornati, che rappresenta sia una opportunit\u00e0 che una necessit\u00e0, dal momento che la legge non ammette ignoranza e i mancati adeguamenti comportano precise responsabilit\u00e0.<\/li>\n<\/ul>\n<\/div>\n<\/div><\/div><div id=\"panel-8408-0-0-2\" class=\"so-panel widget widget_sow-editor\" data-index=\"2\" ><div class=\"so-widget-sow-editor so-widget-sow-editor-base\"><h3 class=\"widget-title\">DESTINATARI<\/h3>\n<div class=\"siteorigin-widget-tinymce textwidget\">\n\t<p style=\"text-align: justify;\">Dirigenti, quadri e volontari di organizzazioni del terzo settore (associazioni, enti di volontariato, cooperative e imprese sociali, ONLUS, enti ecclesiastici), ai commercialisti, agli avvocati, ai consulenti del lavoro, ai liberi professionisti.<\/p>\n<p style=\"text-align: justify;\">Il corso \u00e8 aperto anche a studenti universitari e a laureati che vogliono acquisire competenze specialistiche o sono alla ricerca di uno sbocco professionale in ambito sociale o risultino gi\u00e0 impegnati in tale settore.<\/p>\n<\/div>\n<\/div><\/div><div id=\"panel-8408-0-0-3\" class=\"so-panel widget widget_sow-editor\" data-index=\"3\" ><div class=\"so-widget-sow-editor so-widget-sow-editor-base\"><h3 class=\"widget-title\">CONTENUTI<\/h3>\n<div class=\"siteorigin-widget-tinymce textwidget\">\n\t<ul>\n<li style=\"text-align: justify;\">Aspetti civilistici del codice del Terzo settore (associazioni riconosciute e non, fondazioni, impresa sociale, ecc.).<\/li>\n<li style=\"text-align: justify;\">Aspetti fiscali del codice del Terzo settore (attivit\u00e0 commerciali e non commerciali, regimi fiscali agevolati, ecc.).<\/li>\n<li style=\"text-align: justify;\">Aspetti organizzativi del codice del Terzo settore: RUNTS, decreti attuativi.<\/li>\n<li style=\"text-align: justify;\">Bilancio sociale: cosa \u00e8 e come va redatto.<\/li>\n<\/ul>\n<\/div>\n<\/div><\/div><div id=\"panel-8408-0-0-4\" class=\"so-panel widget widget_sow-editor\" data-index=\"4\" ><div class=\"so-widget-sow-editor so-widget-sow-editor-base\"><h3 class=\"widget-title\">PROGRAMMA<\/h3>\n<div class=\"siteorigin-widget-tinymce textwidget\">\n\t<ol>\n<li style=\"text-align: justify;\">La Riforma nel suo complesso e i decreti attuativi. A che punto siamo.<\/li>\n<li style=\"text-align: justify;\">Aspetti civilistici del Codice Terzo Settore: gli ETS, le APS, le ODV, le cooperative e le imprese sociali. L\u2019adeguamento dello statuto.<\/li>\n<li style=\"text-align: justify;\">Aspetti fiscali del Codice Terzo Settore: il regime fiscale per gli ETS e Le specificit\u00e0 per ODV e APS, cooperative e imprese sociali.<\/li>\n<li style=\"text-align: justify;\">Le erogazioni liberali e il cinque per mille alla luce della riforma.<\/li>\n<li style=\"text-align: justify;\">Obblighi contabili per gli ETS.<\/li>\n<li>Il bilancio e il bilancio sociale degli ETS.<\/li>\n<li style=\"text-align: justify;\">Question time su tematiche di particolare importanza (responsabilit\u00e0 degli amministratori, compatibilit\u00e0 tra l\u2019essere amministratoti e il ricevere compensi o l\u2019intraprendere rapporti di lavoro con la propria organizzazione, i registri e la loro tenuta, la nuova privacy, altre problematiche proposte dagli stessi corsisti).<\/li>\n<\/ol>\n<\/div>\n<\/div><\/div><div id=\"panel-8408-0-0-5\" class=\"so-panel widget widget_sow-editor\" data-index=\"5\" ><div class=\"so-widget-sow-editor so-widget-sow-editor-base\"><h3 class=\"widget-title\">METODOLOGIA<\/h3>\n<div class=\"siteorigin-widget-tinymce textwidget\">\n\t<p style=\"text-align: justify;\">Ciascuno dei sei moduli formativi prevede un inquadramento della problematica, lo studio di casi e il dibattito in aula con domande da parte dei corsisti.<\/p>\n<\/div>\n<\/div><\/div><div id=\"panel-8408-0-0-6\" class=\"so-panel widget widget_sow-editor\" data-index=\"6\" ><div class=\"so-widget-sow-editor so-widget-sow-editor-base\"><h3 class=\"widget-title\">DATE<\/h3>\n<div class=\"siteorigin-widget-tinymce textwidget\">\n\t<p style=\"text-align: justify;\">Il corso si svolger\u00e0 full time giorno <strong>il 27- 28 e 29 gennaio dalle ore 10:00 alle ore 18:00 (con un\u2019ora di pausa pranzo).<\/strong><\/p>\n<p style=\"text-align: justify;\">Attenzione:<strong> le iscrizioni chiudono il 23 gennaio 2020,<\/strong> salvo esaurimento anticipato dei posti. Poi sar\u00e0 troppo tardi per ripensarci.<\/p>\n<\/div>\n<\/div><\/div><div id=\"panel-8408-0-0-7\" class=\"so-panel widget widget_sow-editor\" data-index=\"7\" ><div class=\"so-widget-sow-editor so-widget-sow-editor-base\"><h3 class=\"widget-title\">SEDE<\/h3>\n<div class=\"siteorigin-widget-tinymce textwidget\">\n\t<p style=\"text-align: justify;\">La sede di svolgimento \u00e8 quella del Centro Orizzonte Lavoro<strong>, via Crescenzio Galatola 16, Catania<\/strong> - (nei pressi del Monastero dei Benedettini di Piazza Dante).<\/p>\n<p><a href=\"https:\/\/www.google.com\/maps\/place\/Via+Crescenzio+Galatola,+16,+95124+Catania+CT\/@37.5035508,15.0807933,17z\/data=!3m1!4b1!4m5!3m4!1s0x1313e32910f526f7:0xc204207153096425!8m2!3d37.5035508!4d15.082982?hl=it\">link della posizione da google maps<\/a><\/p>\n<p style=\"text-align: justify;\">A richiesta, ci \u00e8 possibile segnalare qualche struttura vicina alla sede dei corsi, ove risiedere a costi contenuti.<\/p>\n<\/div>\n<\/div><\/div><div id=\"panel-8408-0-0-8\" class=\"so-panel widget widget_sow-editor\" data-index=\"8\" ><div class=\"so-widget-sow-editor so-widget-sow-editor-base\"><h3 class=\"widget-title\">COSTI E SCONTISTICA<\/h3>\n<div class=\"siteorigin-widget-tinymce textwidget\">\n\t<p style=\"text-align: justify;\">Per facilitare la partecipazione, la <strong>quota di iscrizione all\u2019intero percorso formativo prevede un costo di \u20ac 180,00 se tre giorni.<\/strong><\/p>\n<p style=\"text-align: justify;\">L\u2019importo <strong>si riduce ad \u20ac 150,00<\/strong> qualora al corso si iscrivano due o pi\u00f9 persone legate tra loro a qualunque titolo. \u00c8 possibile avvalersi del medesimo importo ridotto (\u20ac 150,00) se, pur iscrivendosi da soli, si prenota la propria partecipazione anche ad un altro dei corsi in programma (eccetto i workshop sul 5 x 1000 e sul digital fundraising e il corso sulla ricerca attiva ed efficace del lavoro) purch\u00e8 i due importi, entrambi scontati, vengano versati in un\u2019unica soluzione entro il primo dei due termini di scadenza.<\/p>\n<p style=\"text-align: justify;\">Il pagamento pu\u00f2 essere effettuato con una delle seguenti modalit\u00e0:<\/p>\n<ul>\n<li style=\"text-align: justify;\">bonifico bancario, IBAN: IT85Y0306909606100000060970 \u2013 Banca Intesa San Paolo, specificando nella causale del pagamento: \u201cIscrizione al corso la riforma del terzo settore\u201d;<\/li>\n<li style=\"text-align: justify;\">tramite assegno bancario non trasferibile o circolare, intestato a: Cooperativa Centro Orizzonte Lavoro;<\/li>\n<li>in contanti.<\/li>\n<\/ul>\n<p style=\"text-align: justify;\">N.B. Qualunque sia la modalit\u00e0 prescelta, l\u2019iscrizione \u00e8 valida solo in seguito all\u2019avvenuto pagamento.<\/p>\n<\/div>\n<\/div><\/div><div id=\"panel-8408-0-0-9\" class=\"so-panel widget widget_sow-editor panel-last-child\" data-index=\"9\" ><div class=\"so-widget-sow-editor so-widget-sow-editor-base\"><h3 class=\"widget-title\">MODALITA\u2019 DI ISCRIZIONE<\/h3>\n<div class=\"siteorigin-widget-tinymce textwidget\">\n\t<p style=\"text-align: justify;\">Per iscriversi al corso \u00e8 sufficiente inviare la scheda di iscrizione, debitamente compilata, a <em>info@centroorizzontela.it<\/em> unitamente ad una attestazione dell\u2019avvenuto pagamento, entro la data di chiusura delle iscrizioni (23 Gennaio 2020).<\/p>\n<p style=\"text-align: justify;\">Per favorire il lavoro di gruppo, l\u2019adeguato apprendimento di quanto insegnato, la dinamicit\u00e0 dell\u2019aula e l\u2019interazione con il docente, l\u2019attivit\u00e0 formativa \u00e8 a numero chiuso. Al fine di assicurarsi un posto, occorre quindi prenotare prima possibile la propria partecipazione con l\u2019invio della scheda di adesione e il versamento della quota prevista.<\/p>\n<p><a href=\"http:\/\/www.centroorizzontelavoro.it\/wp-content\/uploads\/2019\/11\/Scheda-iscrizione-corso-la-riforma-del-terzo-settore.docx\">Scarica la scheda di iscrizione in formato word<\/a><\/p>\n<p><a href=\"http:\/\/www.centroorizzontelavoro.it\/wp-content\/uploads\/2019\/11\/Presentazione-corso-la-riforma-del-terzo-settore.pdf\">Scarica la scheda di presentazione del corso<\/a><\/p>\n<\/div>\n<\/div><\/div><\/div><\/div><\/div>","protected":false},"excerpt":{"rendered":"<p>La riforma in atto del terzo settore disegna una nuova e unitaria carta d\u2019identit\u00e0 per il terzo settore che\u00a0semplifica, finalmente, e riordina tutta la normativa in atto esistente, introduce il Registro Nazionale del Terzo Settore, disciplinando le modalit\u00e0 dell\u2019iscrizione, obbligatoria per numerose categorie di enti. Viene rivista la normativa in [&hellip;]<\/p>\n","protected":false},"author":1,"featured_media":8406,"comment_status":"open","ping_status":"open","sticky":false,"template":"","format":"standard","meta":{"_monsterinsights_skip_tracking":false,"_monsterinsights_sitenote_active":false,"_monsterinsights_sitenote_note":"","_monsterinsights_sitenote_category":0},"categories":[61],"tags":[],"jetpack_featured_media_url":"http:\/\/www.centroorizzontelavoro.it\/wp-content\/uploads\/2019\/11\/Corso-riforma-terzo-settore.jpg","_links":{"self":[{"href":"http:\/\/www.centroorizzontelavoro.it\/index.php\/wp-json\/wp\/v2\/posts\/8408"}],"collection":[{"href":"http:\/\/www.centroorizzontelavoro.it\/index.php\/wp-json\/wp\/v2\/posts"}],"about":[{"href":"http:\/\/www.centroorizzontelavoro.it\/index.php\/wp-json\/wp\/v2\/types\/post"}],"author":[{"embeddable":true,"href":"http:\/\/www.centroorizzontelavoro.it\/index.php\/wp-json\/wp\/v2\/users\/1"}],"replies":[{"embeddable":true,"href":"http:\/\/www.centroorizzontelavoro.it\/index.php\/wp-json\/wp\/v2\/comments?post=8408"}],"version-history":[{"count":3,"href":"http:\/\/www.centroorizzontelavoro.it\/index.php\/wp-json\/wp\/v2\/posts\/8408\/revisions"}],"predecessor-version":[{"id":8436,"href":"http:\/\/www.centroorizzontelavoro.it\/index.php\/wp-json\/wp\/v2\/posts\/8408\/revisions\/8436"}],"wp:featuredmedia":[{"embeddable":true,"href":"http:\/\/www.centroorizzontelavoro.it\/index.php\/wp-json\/wp\/v2\/media\/8406"}],"wp:attachment":[{"href":"http:\/\/www.centroorizzontelavoro.it\/index.php\/wp-json\/wp\/v2\/media?parent=8408"}],"wp:term":[{"taxonomy":"category","embeddable":true,"href":"http:\/\/www.centroorizzontelavoro.it\/index.php\/wp-json\/wp\/v2\/categories?post=8408"},{"taxonomy":"post_tag","embeddable":true,"href":"http:\/\/www.centroorizzontelavoro.it\/index.php\/wp-json\/wp\/v2\/tags?post=8408"}],"curies":[{"name":"wp","href":"https:\/\/api.w.org\/{rel}","templated":true}]}}