{"id":15173,"date":"2025-10-31T13:20:13","date_gmt":"2025-10-31T12:20:13","guid":{"rendered":"http:\/\/www.centroorizzontelavoro.it\/?p=15173"},"modified":"2025-10-31T13:20:52","modified_gmt":"2025-10-31T12:20:52","slug":"conto-termico-3-0-incentivi-anche-per-gli-enti-del-terzo-settore","status":"publish","type":"post","link":"http:\/\/www.centroorizzontelavoro.it\/index.php\/2025\/10\/31\/conto-termico-3-0-incentivi-anche-per-gli-enti-del-terzo-settore\/","title":{"rendered":"Conto Termico 3.0: incentivi anche per gli enti del Terzo settore"},"content":{"rendered":"<p>Nella Gazzetta Ufficiale del 26 settembre 2025 e\u0300 stato pubblicato il&nbsp;<strong>decreto 7 agosto 2025 del Ministero dell\u2019Ambiente e della Sicurezza Energetica<\/strong>&nbsp;sull\u2019\u201c<strong>Incentivazione di interventi di piccole dimensioni per l\u2019incremento dell\u2019efficienza energetica e per la produzione di energia termica da fonti rinnovabili<\/strong>\u201d, il cosiddetto&nbsp;<strong>Conto Termico 3.0<\/strong>.<\/p>\n<p>Il provvedimento aggiorna la disciplina per l\u2019<strong>incentivazione di interventi di piccole dimensioni per l\u2019incremento dell\u2019efficienza energetica e per la produzione di energia termica da fonti rinnovabili<\/strong>&nbsp;secondo principi di semplificazione, efficacia, diversificazione e innovazione tecnologica, nonch\u00e9 di coerenza con gli obiettivi di riqualificazione energetica degli edifici della pubblica amministrazione.<\/p>\n<p>La nuova disciplina, in coerenza con le indicazioni del Piano nazionale integrato per l\u2019energia e il clima, concorre al raggiungimento degli&nbsp;<strong>obiettivi di decarbonizzazione e di efficientamento energetico<\/strong>&nbsp;del settore civile.<\/p>\n<p>Tra le principali novit\u00e0 figurano&nbsp;<strong>l\u2019accesso esteso agli enti del Terzo Settore, cooperative sociali e di abitanti,<\/strong>&nbsp;societ\u00e0 in house delle Pa e concessionari di servizi pubblici, la possibilit\u00e0 di ottenere gli incentivi anche attraverso&nbsp;<strong>comunit\u00e0 energetiche rinnovabili (Cer)&nbsp;<\/strong>e configurazioni di&nbsp;<strong>autoconsumo collettivo<\/strong>, l\u2019inclusione degli edifici non residenziali privati del settore terziario, la revisione dei massimali di spesa per adeguarli ai prezzi di mercato e l\u2019apertura a nuove tipologie come gli impianti fotovoltaici con&nbsp;sistemi di accumulo&nbsp;e le&nbsp;colonnine per veicoli elettrici, se abbinate alla sostituzione di impianti di climatizzazione invernale con&nbsp;pompe di calore&nbsp;elettriche.<\/p>\n<p>Il nuovo Conto Termico 3.0 si applica a una&nbsp;<strong>vasta gamma di interventi<\/strong>, che possono essere ricondotti a&nbsp;<strong>due grandi categorie<\/strong>:<\/p>\n<ul>\n<li>quelli&nbsp;<strong>finalizzati all\u2019efficienza energetica<\/strong>;<\/li>\n<li>quelli destinati alla&nbsp;<strong>produzione di energia termica da fonti rinnovabili<\/strong>.<\/li>\n<\/ul>\n<p>Le&nbsp;<strong>percentuali del contributo del Conto Termico 3.0 variano<\/strong>&nbsp;<strong>in base alla tipologia di beneficiario, alla natura dell\u2019intervento e alla dimensione economica dello stesso, con differenze significative tra pubbliche amministrazioni, privati e imprese<\/strong>.<\/p>\n<p>Il decreto prevede infatti meccanismi di incentivazione modulati per favorire sia i piccoli interventi diffusi sia le operazioni di maggiore portata, garantendo un sostegno proporzionato alle esigenze di ciascun soggetto:<\/p>\n<ul>\n<li><strong>Privati e pubblica amministrazione<\/strong>: fino al 65% delle spese ammissibili;<\/li>\n<li><strong>Comuni fino a 15.000 abitanti<\/strong>&nbsp;e specifici edifici pubblici (scuole, ospedali, Rsa): fino al 100% delle spese;<\/li>\n<li><strong>Imprese<\/strong>: fino al 25% per efficienza energetica e 45% per rinnovabili, con maggiorazioni per Pmi, zone assistite e interventi che riducono del 40% i consumi di energia primaria;<\/li>\n<li><strong>Piccoli interventi<\/strong>: per importi fino a 15.000 euro l\u2019incentivo pu\u00f2 essere erogato in un\u2019unica soluzione; oltre tale soglia, i contributi sono distribuiti in rate costanti (2\u20135 anni).<\/li>\n<\/ul>\n<p><strong>Plafond<\/strong><\/p>\n<p>Il decreto fissa un&nbsp;<strong>plafond complessivo di 900 milioni di euro<\/strong>&nbsp;<strong>l\u2019anno destinati al Conto Termico 3.0.<\/strong><\/p>\n<p>Le risorse sono ripartite in&nbsp;<strong>400 milioni di euro per le pubbliche amministrazioni, 500 milioni di euro per i soggetti privati.<\/strong><\/p>\n<p>Il Ministero dell\u2019Ambiente e della Sicurezza Energetica ha la possibilit\u00e0 di&nbsp;<strong>rimodulare ogni anno le risorse tra i diversi comparti<\/strong>, in funzione dell\u2019andamento delle richieste, cos\u00ec da evitare squilibri e garantire una maggiore efficacia dello strumento. In caso di esaurimento delle risorse annuali, il GSE provvede a sospendere l\u2019accettazione delle domande fino al ripristino della disponibilit\u00e0.<\/p>\n<p>Gli&nbsp;<strong>incentivi non possono essere sommati ad altre agevolazioni statali<\/strong>, con l\u2019eccezione degli strumenti di sostegno finanziario come i fondi di garanzia, i fondi di rotazione o i contributi in conto interesse. Le pubbliche amministrazioni godono peraltro di un regime pi\u00f9 favorevole, potendo cumulare i contributi del Conto Termico con altre misure fino a coprire il 100% delle spese ammissibili.<\/p>\n<p>Per le imprese l\u2019accesso agli incentivi \u00e8 vincolato a interventi che escludano l\u2019utilizzo di impianti alimentati a combustibili fossili, incluso il gas naturale, nel pieno rispetto degli obiettivi di decarbonizzazione fissati a livello europeo e nazionale.<\/p>\n<p><strong>Modalit\u00e0 di accesso agli incentivi<\/strong><\/p>\n<p>Entro sessanta giorni dalla data di entrata in vigore del decreto, il Ministero dell\u2019Ambiente e della Sicurezza energetica, su proposta del GSE, dovr\u00e0&nbsp;<strong>approvare le regole applicative per l\u2019accesso alle misure d\u2019incentivazione.<\/strong><\/p>\n","protected":false},"excerpt":{"rendered":"<p>Nella Gazzetta Ufficiale del 26 settembre 2025 e\u0300 stato pubblicato il&nbsp;decreto 7 agosto 2025 del Ministero dell\u2019Ambiente e della Sicurezza Energetica&nbsp;sull\u2019\u201cIncentivazione di interventi di piccole dimensioni per l\u2019incremento dell\u2019efficienza energetica e per la produzione di energia termica da fonti rinnovabili\u201d, il cosiddetto&nbsp;Conto Termico 3.0. Il provvedimento aggiorna la disciplina per [&hellip;]<\/p>\n","protected":false},"author":2,"featured_media":0,"comment_status":"open","ping_status":"open","sticky":false,"template":"","format":"standard","meta":{"_monsterinsights_skip_tracking":false,"_monsterinsights_sitenote_active":false,"_monsterinsights_sitenote_note":"","_monsterinsights_sitenote_category":0},"categories":[83,64,65,60],"tags":[84,75,96,77,76,74],"jetpack_featured_media_url":"","_links":{"self":[{"href":"http:\/\/www.centroorizzontelavoro.it\/index.php\/wp-json\/wp\/v2\/posts\/15173"}],"collection":[{"href":"http:\/\/www.centroorizzontelavoro.it\/index.php\/wp-json\/wp\/v2\/posts"}],"about":[{"href":"http:\/\/www.centroorizzontelavoro.it\/index.php\/wp-json\/wp\/v2\/types\/post"}],"author":[{"embeddable":true,"href":"http:\/\/www.centroorizzontelavoro.it\/index.php\/wp-json\/wp\/v2\/users\/2"}],"replies":[{"embeddable":true,"href":"http:\/\/www.centroorizzontelavoro.it\/index.php\/wp-json\/wp\/v2\/comments?post=15173"}],"version-history":[{"count":2,"href":"http:\/\/www.centroorizzontelavoro.it\/index.php\/wp-json\/wp\/v2\/posts\/15173\/revisions"}],"predecessor-version":[{"id":15175,"href":"http:\/\/www.centroorizzontelavoro.it\/index.php\/wp-json\/wp\/v2\/posts\/15173\/revisions\/15175"}],"wp:attachment":[{"href":"http:\/\/www.centroorizzontelavoro.it\/index.php\/wp-json\/wp\/v2\/media?parent=15173"}],"wp:term":[{"taxonomy":"category","embeddable":true,"href":"http:\/\/www.centroorizzontelavoro.it\/index.php\/wp-json\/wp\/v2\/categories?post=15173"},{"taxonomy":"post_tag","embeddable":true,"href":"http:\/\/www.centroorizzontelavoro.it\/index.php\/wp-json\/wp\/v2\/tags?post=15173"}],"curies":[{"name":"wp","href":"https:\/\/api.w.org\/{rel}","templated":true}]}}