{"id":15004,"date":"2024-09-06T08:46:41","date_gmt":"2024-09-06T06:46:41","guid":{"rendered":"http:\/\/www.centroorizzontelavoro.it\/?p=15004"},"modified":"2024-09-06T08:47:25","modified_gmt":"2024-09-06T06:47:25","slug":"il-futuro-delle-onlus-dal-punto-di-vista-dei-commercialisti","status":"publish","type":"post","link":"http:\/\/www.centroorizzontelavoro.it\/index.php\/2024\/09\/06\/il-futuro-delle-onlus-dal-punto-di-vista-dei-commercialisti\/","title":{"rendered":"Il futuro delle ONLUS dal punto di vista dei commercialisti"},"content":{"rendered":"<p>Il sito del Consiglio Nazionale dei dottori commercialisti e degli esperti contabili pone un approfondimento sulle opportunit\u00e0 e i limiti per gli enti che decidono di entrare nel segmento del terzo settore. \u00c8 un focus dedicato al futuro delle Onlus &#8211; Organizzazioni non lucrative di utilit\u00e0 sociale, attraverso un documento redatto dalla commissione di studio ETS- Enti del Terzo Settore, con il titolo \u201cIl futuro delle Onlus tra opportunit\u00e0 e limiti\u201d.<\/p>\n<p><strong>Cosa rappresenta questo documento?<\/strong><\/p>\n<p>Come da presentazione online la pubblicazione di tale documento propone un quadro riassuntivo della disciplina giuridica e della fiscalit\u00e0 attuale e futura delle Onlus, inoltre ripercorre la normativa che le regola fornendo ai dottori commercialisti le principali indicazioni per cogliere le diverse possibilit\u00e0 e per consentire un passaggio al terzo settore in modo consapevole.<\/p>\n<p><strong>Come cambieranno le Onlus?<\/strong><\/p>\n<p>La situazione delle Onlus in questa fase rimane in attesa dell\u2019autorizzazione da parte della Commissione Europea sulle previsioni fiscali contenute nel codice dedicato al terzo settore. Dal periodo di imposta successivo a tale autorizzazione, le Onlus prenderanno una nuova forma.<\/p>\n<p>Con questa previsione legislativa gli enti titolari della qualifica fiscale come Onlus con l\u2019iscrizione all\u2019anagrafe che \u00e8 presente all\u2019Agenzia delle Entrate, verranno chiamati entro il 31 Marzo del periodo di imposta successivo all\u2019autorizzazione della Commissione ad effettuare una scelta e a prevedere conseguenti ipotesi di cambiamento.<\/p>\n<p>Il Codice del Terzo Settore (CTS), infatti, abroga con effetto \u201cposticipato\u201d gli articoli da 10 a 29 del D.lgs. n. 460\/1997 istitutivo delle Onlus, individuandone la decorrenza (al successivo articolo 104) a partire dal periodo di imposta successivo all\u2019autorizzazione della Commissione europea.<\/p>\n<p>&nbsp;<\/p>\n<p>Fonte: Cantiere Terzo Settore<\/p>\n","protected":false},"excerpt":{"rendered":"<p>Il sito del Consiglio Nazionale dei dottori commercialisti e degli esperti contabili pone un approfondimento sulle opportunit\u00e0 e i limiti per gli enti che decidono di entrare nel segmento del terzo settore. \u00c8 un focus dedicato al futuro delle Onlus &#8211; Organizzazioni non lucrative di utilit\u00e0 sociale, attraverso un documento [&hellip;]<\/p>\n","protected":false},"author":2,"featured_media":0,"comment_status":"open","ping_status":"open","sticky":false,"template":"","format":"standard","meta":{"_monsterinsights_skip_tracking":false,"_monsterinsights_sitenote_active":false,"_monsterinsights_sitenote_note":"","_monsterinsights_sitenote_category":0},"categories":[64,65,62,72,60],"tags":[90,82,80,96,77,76,94,74,86],"jetpack_featured_media_url":"","_links":{"self":[{"href":"http:\/\/www.centroorizzontelavoro.it\/index.php\/wp-json\/wp\/v2\/posts\/15004"}],"collection":[{"href":"http:\/\/www.centroorizzontelavoro.it\/index.php\/wp-json\/wp\/v2\/posts"}],"about":[{"href":"http:\/\/www.centroorizzontelavoro.it\/index.php\/wp-json\/wp\/v2\/types\/post"}],"author":[{"embeddable":true,"href":"http:\/\/www.centroorizzontelavoro.it\/index.php\/wp-json\/wp\/v2\/users\/2"}],"replies":[{"embeddable":true,"href":"http:\/\/www.centroorizzontelavoro.it\/index.php\/wp-json\/wp\/v2\/comments?post=15004"}],"version-history":[{"count":1,"href":"http:\/\/www.centroorizzontelavoro.it\/index.php\/wp-json\/wp\/v2\/posts\/15004\/revisions"}],"predecessor-version":[{"id":15005,"href":"http:\/\/www.centroorizzontelavoro.it\/index.php\/wp-json\/wp\/v2\/posts\/15004\/revisions\/15005"}],"wp:attachment":[{"href":"http:\/\/www.centroorizzontelavoro.it\/index.php\/wp-json\/wp\/v2\/media?parent=15004"}],"wp:term":[{"taxonomy":"category","embeddable":true,"href":"http:\/\/www.centroorizzontelavoro.it\/index.php\/wp-json\/wp\/v2\/categories?post=15004"},{"taxonomy":"post_tag","embeddable":true,"href":"http:\/\/www.centroorizzontelavoro.it\/index.php\/wp-json\/wp\/v2\/tags?post=15004"}],"curies":[{"name":"wp","href":"https:\/\/api.w.org\/{rel}","templated":true}]}}