{"id":14985,"date":"2024-07-30T09:32:25","date_gmt":"2024-07-30T07:32:25","guid":{"rendered":"http:\/\/www.centroorizzontelavoro.it\/?p=14985"},"modified":"2024-07-30T09:32:59","modified_gmt":"2024-07-30T07:32:59","slug":"novita-su-imu-per-gli-enti-non-commerciali","status":"publish","type":"post","link":"http:\/\/www.centroorizzontelavoro.it\/index.php\/2024\/07\/30\/novita-su-imu-per-gli-enti-non-commerciali\/","title":{"rendered":"Novit\u00e0 su Imu per gli enti non commerciali"},"content":{"rendered":"<p>In una circolare del Ministero dell\u2019Economia e delle finanze arrivano alcuni chiarimenti per l\u2019imposta da pagare relativamente agli immobili utilizzati per lo svolgimento con modalit\u00e0 non commerciali delle attivit\u00e0 meritevoli di tutela.<\/p>\n<p>Il 16 luglio 2024 \u00e8 stata pubblicata una&nbsp;<strong>circolare del Ministero dell\u2019Economia e delle finanze<\/strong>&nbsp;in merito alle novit\u00e0 introdotte dalla Legge di Bilancio per l\u2019anno 2024 (art. 1, comma 71 l. 30 dicembre 2023, n. 213) in materia di&nbsp;<strong>imposta municipale propria (Imu) relativamente agli immobili utilizzati dagli enti non commerciali per lo svolgimento con modalit\u00e0 non commerciali delle attivit\u00e0 meritevoli di tutela, ai sensi dell\u2019art. 1, comma 71 l. n. 213 del 2023.<\/strong><\/p>\n<p>I chiarimenti presenti nella circolare integrano quanto gi\u00e0 riportato nelle istruzioni al modello dichiarativo Imu, approvato con decreto ministeriale 24 aprile 2024, con particolare riferimento:<\/p>\n<ul>\n<li>agli&nbsp;<strong>immobili posseduti e concessi in comodato a un soggetto funzionalmente o strutturalmente collegato al concedente<\/strong>&nbsp;[art. 1, comma 71, lett.&nbsp;<em>a<\/em>) legge n. 213\/2023];<\/li>\n<li>alla&nbsp;<strong>permanenza del vincolo di strumentalit\u00e0 alle destinazioni degli immobili per lo svolgimento delle attivit\u00e0 meritevoli, anche in assenza di esercizio attuale delle attivit\u00e0 stesse<\/strong>&nbsp;[art. 1, comma 71, lett.&nbsp;<em>b<\/em>) legge n. 213\/2023].<\/li>\n<\/ul>\n<p>&nbsp;<\/p>\n<p>Cliccare qui per leggere la circolare: &nbsp;<a href=\"https:\/\/www.finanze.gov.it\/export\/sites\/finanze\/.galleries\/Documenti\/Fiscalita-locale\/Circolare-n.-2-DF-del-2024.-Novita-legge-di-bilancio-2024.-IMU.-Comodato.pdf\"><strong>circolare del Ministero dell\u2019Economia e delle finanze<\/strong><\/a>.<\/p>\n<p>Fonte: Cantiere Terzo Settore<\/p>\n","protected":false},"excerpt":{"rendered":"<p>In una circolare del Ministero dell\u2019Economia e delle finanze arrivano alcuni chiarimenti per l\u2019imposta da pagare relativamente agli immobili utilizzati per lo svolgimento con modalit\u00e0 non commerciali delle attivit\u00e0 meritevoli di tutela. Il 16 luglio 2024 \u00e8 stata pubblicata una&nbsp;circolare del Ministero dell\u2019Economia e delle finanze&nbsp;in merito alle novit\u00e0 introdotte [&hellip;]<\/p>\n","protected":false},"author":2,"featured_media":0,"comment_status":"open","ping_status":"open","sticky":false,"template":"","format":"standard","meta":{"_monsterinsights_skip_tracking":false,"_monsterinsights_sitenote_active":false,"_monsterinsights_sitenote_note":"","_monsterinsights_sitenote_category":0},"categories":[64,65,60],"tags":[82,75,96,77,76,94,74],"jetpack_featured_media_url":"","_links":{"self":[{"href":"http:\/\/www.centroorizzontelavoro.it\/index.php\/wp-json\/wp\/v2\/posts\/14985"}],"collection":[{"href":"http:\/\/www.centroorizzontelavoro.it\/index.php\/wp-json\/wp\/v2\/posts"}],"about":[{"href":"http:\/\/www.centroorizzontelavoro.it\/index.php\/wp-json\/wp\/v2\/types\/post"}],"author":[{"embeddable":true,"href":"http:\/\/www.centroorizzontelavoro.it\/index.php\/wp-json\/wp\/v2\/users\/2"}],"replies":[{"embeddable":true,"href":"http:\/\/www.centroorizzontelavoro.it\/index.php\/wp-json\/wp\/v2\/comments?post=14985"}],"version-history":[{"count":2,"href":"http:\/\/www.centroorizzontelavoro.it\/index.php\/wp-json\/wp\/v2\/posts\/14985\/revisions"}],"predecessor-version":[{"id":14987,"href":"http:\/\/www.centroorizzontelavoro.it\/index.php\/wp-json\/wp\/v2\/posts\/14985\/revisions\/14987"}],"wp:attachment":[{"href":"http:\/\/www.centroorizzontelavoro.it\/index.php\/wp-json\/wp\/v2\/media?parent=14985"}],"wp:term":[{"taxonomy":"category","embeddable":true,"href":"http:\/\/www.centroorizzontelavoro.it\/index.php\/wp-json\/wp\/v2\/categories?post=14985"},{"taxonomy":"post_tag","embeddable":true,"href":"http:\/\/www.centroorizzontelavoro.it\/index.php\/wp-json\/wp\/v2\/tags?post=14985"}],"curies":[{"name":"wp","href":"https:\/\/api.w.org\/{rel}","templated":true}]}}