{"id":14810,"date":"2023-12-11T09:03:37","date_gmt":"2023-12-11T08:03:37","guid":{"rendered":"http:\/\/www.centroorizzontelavoro.it\/?p=14810"},"modified":"2023-12-11T09:04:20","modified_gmt":"2023-12-11T08:04:20","slug":"comunita-energetiche-rinnovabili-arriva-lok-dalleuropa","status":"publish","type":"post","link":"http:\/\/www.centroorizzontelavoro.it\/index.php\/2023\/12\/11\/comunita-energetiche-rinnovabili-arriva-lok-dalleuropa\/","title":{"rendered":"Comunit\u00e0 energetiche rinnovabili, arriva l\u2019ok dall\u2019Europa."},"content":{"rendered":"<p><strong>&nbsp;<\/strong><\/p>\n<p>Il 22 novembre 2023 la Commissione europea ha dato il&nbsp;via libera al&nbsp;decreto italiano&nbsp;che propone incentivi e un contributo a fondo perduto per la costituzione delle cosiddette Comunit\u00e0 energetiche rinnovabili (Cer).<\/p>\n<p>&nbsp;<\/p>\n<p>Il decreto approvato dalla Commissione europea&nbsp;si compone di&nbsp;due misure:<\/p>\n<ul>\n<li>una&nbsp;tariffa incentivante&nbsp;sull\u2019energia rinnovabile prodotta e condivisa;<\/li>\n<li>un&nbsp;contributo a fondo perduto.<\/li>\n<\/ul>\n<p>In particolare, la procedura di accesso per il riconoscimento della&nbsp;tariffa incentivante&nbsp;prevede&nbsp;la presentazione&nbsp;della relativa domanda al&nbsp;Gestore Servizi Energetici entro i 120 giorni successivi alla data di entrata in esercizio degli impianti:&nbsp;un\u2019agevolazione, questa, che verr\u00e0 finanziata attraverso un prelievo sulla bolletta elettrica pagata da tutti i consumatori.<\/p>\n<p>In relazione al&nbsp;contributo a fondo perduto, questo \u00e8 rivolto ai&nbsp;territori dei Comuni con meno di 5.000 abitanti e pu\u00f2 arrivare a coprire fino al 40% dell\u2019investimento sostenuto dai creatori di una Cer. La potenza complessiva agevolabile in questo modo, fino alla met\u00e0 del 2026, \u00e8 pari a 2 GW. Il contributo a&nbsp;fondo perduto \u00e8 cumulabile&nbsp;con l\u2019incentivo in tariffa. Le misure per la realizzazione delle comunit\u00e0 energetiche riguardano&nbsp;tutte le tecnologie&nbsp;rinnovabili, tra cui fotovoltaico, eolico, idroelettrico e biomasse. Gli&nbsp;attori&nbsp;di una comunit\u00e0 energetica possono essere&nbsp;cittadini, enti locali, piccole e medie imprese, enti del Terzo settore, condom\u00ecni, enti religiosi. Il passaggio iniziale per la realizzazione di una Cer, dopo l\u2019individuazione dell\u2019area interessata alla costruzione dell\u2019impianto e della cabina primaria, \u00e8&nbsp;l\u2019atto costitutivo del sodalizio tra i soggetti coinvolti, che dovr\u00e0 avere come oggetto sociale prevalente i benefici ambientali, economici e sociali.<\/p>\n<p>&nbsp;<\/p>\n<p>Fonte: Cantiere Terzo Settore<\/p>\n","protected":false},"excerpt":{"rendered":"<p>&nbsp; Il 22 novembre 2023 la Commissione europea ha dato il&nbsp;via libera al&nbsp;decreto italiano&nbsp;che propone incentivi e un contributo a fondo perduto per la costituzione delle cosiddette Comunit\u00e0 energetiche rinnovabili (Cer). &nbsp; Il decreto approvato dalla Commissione europea&nbsp;si compone di&nbsp;due misure: una&nbsp;tariffa incentivante&nbsp;sull\u2019energia rinnovabile prodotta e condivisa; un&nbsp;contributo a fondo [&hellip;]<\/p>\n","protected":false},"author":2,"featured_media":0,"comment_status":"open","ping_status":"open","sticky":false,"template":"","format":"standard","meta":{"_monsterinsights_skip_tracking":false,"_monsterinsights_sitenote_active":false,"_monsterinsights_sitenote_note":"","_monsterinsights_sitenote_category":0},"categories":[65],"tags":[75,96,76,74],"jetpack_featured_media_url":"","_links":{"self":[{"href":"http:\/\/www.centroorizzontelavoro.it\/index.php\/wp-json\/wp\/v2\/posts\/14810"}],"collection":[{"href":"http:\/\/www.centroorizzontelavoro.it\/index.php\/wp-json\/wp\/v2\/posts"}],"about":[{"href":"http:\/\/www.centroorizzontelavoro.it\/index.php\/wp-json\/wp\/v2\/types\/post"}],"author":[{"embeddable":true,"href":"http:\/\/www.centroorizzontelavoro.it\/index.php\/wp-json\/wp\/v2\/users\/2"}],"replies":[{"embeddable":true,"href":"http:\/\/www.centroorizzontelavoro.it\/index.php\/wp-json\/wp\/v2\/comments?post=14810"}],"version-history":[{"count":2,"href":"http:\/\/www.centroorizzontelavoro.it\/index.php\/wp-json\/wp\/v2\/posts\/14810\/revisions"}],"predecessor-version":[{"id":14812,"href":"http:\/\/www.centroorizzontelavoro.it\/index.php\/wp-json\/wp\/v2\/posts\/14810\/revisions\/14812"}],"wp:attachment":[{"href":"http:\/\/www.centroorizzontelavoro.it\/index.php\/wp-json\/wp\/v2\/media?parent=14810"}],"wp:term":[{"taxonomy":"category","embeddable":true,"href":"http:\/\/www.centroorizzontelavoro.it\/index.php\/wp-json\/wp\/v2\/categories?post=14810"},{"taxonomy":"post_tag","embeddable":true,"href":"http:\/\/www.centroorizzontelavoro.it\/index.php\/wp-json\/wp\/v2\/tags?post=14810"}],"curies":[{"name":"wp","href":"https:\/\/api.w.org\/{rel}","templated":true}]}}