{"id":13065,"date":"2021-05-11T18:05:57","date_gmt":"2021-05-11T16:05:57","guid":{"rendered":"http:\/\/www.centroorizzontelavoro.it\/?p=13065"},"modified":"2021-06-18T10:53:02","modified_gmt":"2021-06-18T08:53:02","slug":"garanzia-giovani","status":"publish","type":"post","link":"http:\/\/www.centroorizzontelavoro.it\/index.php\/2021\/05\/11\/garanzia-giovani\/","title":{"rendered":"GARANZIA GIOVANI"},"content":{"rendered":"<p>Certamente lo sai gi\u00e0, Garanzia Giovani \u00e8 un programma, una opportunit\u00e0 nata per valorizzare le tue competenze con un\u2019esperienza di lavoro o di formazione che viene offerta ai giovani dai 15 ai 29 anni che non lavorano e non sono impegnati in percorsi di formazione o di studio. Ma ci sono opportunit\u00e0 anche per chi ha dai 30 ai 34 anni!<br \/>\nNon c\u2019\u00e8 da andare lontano: occorre capire l\u2019utilit\u00e0, tenersi informati per cogliere il momento opportuno e, intanto, aderire al programma registrandosi.<\/p>\n<p>L\u2019ANPAL (Agenzia Nazionale Politiche Attive Lavoro), con notizia del 5 maggio 2021, ha annunciato di aver dato un nuovo aspetto, oltre che ulteriori funzionalit\u00e0, contenuti rinnovati e una veste grafica pi\u00f9 accattivante, al portale dedicato al programma nazionale Garanzia Giovani 2021, strumento dedicato ai giovani in cerca di occupazione, alle aziende e agli operatori.<br \/>\nSi ricorda che Garanzia Giovani (Youth Guarantee) \u00e8 il nome del Piano Europeo volto ad agevolare l\u2019ingresso dei giovani nel mercato del lavoro destinato ai Paesi europei con tasso di disoccupazione superiore al 25 per cento.<br \/>\nCon la Raccomandazione europea del 30 ottobre 2020, infatti, che sostituisce quella del 23 aprile 2013 con cui ha preso il via il programma, i Paesi europei aderenti si sono impegnati ad attuare la cosiddetta Garanzia Giovani rafforzata a partire da quest\u2019anno.<br \/>\nIn risposta alla crisi innescata dalla pandemia e all\u2019innalzarsi del tasso di disoccupazione, l\u2019Unione Europea ha stanziato ulteriori risorse nell\u2019ambito del programma NextGenerationEU per supportare il lavoro giovanile.<br \/>\nEcco, quindi, che la veste rinnovata del portale prende le mosse dal rilancio dell\u2019iniziativa e mette in campo anche un miglioramento della strategia complessiva.<br \/>\nIn particolare, sono ora disponibili le seguenti funzionalit\u00e0:<br \/>\n\u2022\tnavigazione personalizzata per i giovani, con l\u2019obiettivo di diffondere la conoscenza, fornire consigli e informazioni utili per la partecipazione e con la possibilit\u00e0 di raccontare esperienze e offrire testimonianze;<br \/>\n\u2022\tsuggerimenti rivolti alle aziende per migliorare il servizio agli utenti e i vantaggi di Garanzia Giovani;<br \/>\n\u2022\tsezione dedicata agli operatori, dove condividere documenti di riferimento, link agli avvisi regionali e nazionali, faq tecniche e tutto ci\u00f2 che pu\u00f2 servire a promuovere il programma nei territori.<br \/>\nGaranzia Giovani \u00e8 rivolto ai cosiddetti NEET (\u201cNot in Education, Employment or Training\u201d), i ragazzi e le ragazze che non lavorano, non studiano e non sono impegnati in alcuna formazione.<br \/>\nPer accedere al programma che offre supporto nella ricerca dell\u2019occupazione e mette in contatto questi giovani con i datori di lavoro, bisogna prima effettuare l\u2019iscrizione gratuita.<br \/>\nL\u2019iscrizione, peraltro, \u00e8 riservata a chi \u00e8 in possesso dei seguenti requisiti:<br \/>\n\u2022\tavere tra i 15 e i 29 anni;<br \/>\n\u2022\tessere cittadino comunitario o straniero extracomunitario, purch\u00e9 con regolare permesso di soggiorno;<br \/>\n\u2022\trisiedere in Italia;<br \/>\n\u2022\tessere privo di occupazione e non frequentare alcun corso di studi.<br \/>\nChi rientra tra i destinatari della Garanzia Giovani 2021 pu\u00f2 quindi aderire al programma accedendo al nuovo portale dedicato, previa registrazione a MyANPAL.<\/p>\n<p>Le principali misure di Garanzia Giovani delle quali ti potresti avvalere<\/p>\n<p>\u2022\tORIENTAMENTO: colloquio conoscitivo per individuare il percorso di inserimento personalizzato in base alle caratteristiche individuali, formative e professionali.<br \/>\n\u2022\tFORMAZIONE: percorsi di formazione specifici orientati al lavoro o al reinserimento nei percorsi formativi.<br \/>\n\u2022\tCONTRATTI DI APPRENDISTATO: un contratto di lavoro pensato proprio per l\u2019inserimento dei giovani che prevede dei contenuti formativi.<br \/>\n\u2022\tTIROCINIO: un periodo di formazione in azienda che prevede un\u2019indennit\u00e0 di partecipazione mensile.<br \/>\n\u2022\tSERVIZIO CIVILE: una esperienza di partecipazione civica e sociale in progetti di solidariet\u00e0, cooperazione e assistenza che prevede una retribuzione. Replicabile, nel caso si fosse gi\u00e0 prestato l\u2019anno di servizio civile \u201cordinario\u201d.<br \/>\n\u2022\tAUTOIMPRENDITORIALIT\u00c0: servizi a sostegno delle attitudini imprenditoriali, con formazione, assistenza alla stesura del progetto imprenditoriale, supporto allo startup, accesso agli strumenti di credito.<br \/>\n\u2022\tMOBILIT\u00c0 PROFESSIONALE: sostegno alla mobilit\u00e0 in Italia e in altri paesi Ue che prevede un voucher a copertura dei costi di viaggio e alloggio per 6 mesi.                      Ogni regione prevede di attuare un certo numero di tali misure: incolla le parole \u201cGaranzia giovani \u201c seguite dal nome della tua regione sulla barra di un motore di ricerca e verifica se e che cosa in questo momento  bolle in pentola o quali misure  sono comunque previste nella tua regione.<\/p>\n<p>Come registrarsi a myanpal<br \/>\n\u00c8 possibile accedere alla funzionalit\u00e0 di registrazione del portale ANPAL al seguente link https:\/\/myanpal.anpal.gov.it\/myanpal selezionando il macro-profilo \u201cCittadino\u201d. Esiste anche una sorta di manuale del quale ti puoi avvalere.<\/p>\n","protected":false},"excerpt":{"rendered":"<p>Certamente lo sai gi\u00e0, Garanzia Giovani \u00e8 un programma, una opportunit\u00e0 nata per valorizzare le tue competenze con un\u2019esperienza di lavoro o di formazione che viene offerta ai giovani dai 15 ai 29 anni che non lavorano e non sono impegnati in percorsi di formazione o di studio. Ma ci [&hellip;]<\/p>\n","protected":false},"author":2,"featured_media":0,"comment_status":"open","ping_status":"open","sticky":false,"template":"","format":"standard","meta":{"_monsterinsights_skip_tracking":false,"_monsterinsights_sitenote_active":false,"_monsterinsights_sitenote_note":"","_monsterinsights_sitenote_category":0},"categories":[83,59],"tags":[89,90,93,84,80,75,77,91,86,92],"jetpack_featured_media_url":"","_links":{"self":[{"href":"http:\/\/www.centroorizzontelavoro.it\/index.php\/wp-json\/wp\/v2\/posts\/13065"}],"collection":[{"href":"http:\/\/www.centroorizzontelavoro.it\/index.php\/wp-json\/wp\/v2\/posts"}],"about":[{"href":"http:\/\/www.centroorizzontelavoro.it\/index.php\/wp-json\/wp\/v2\/types\/post"}],"author":[{"embeddable":true,"href":"http:\/\/www.centroorizzontelavoro.it\/index.php\/wp-json\/wp\/v2\/users\/2"}],"replies":[{"embeddable":true,"href":"http:\/\/www.centroorizzontelavoro.it\/index.php\/wp-json\/wp\/v2\/comments?post=13065"}],"version-history":[{"count":2,"href":"http:\/\/www.centroorizzontelavoro.it\/index.php\/wp-json\/wp\/v2\/posts\/13065\/revisions"}],"predecessor-version":[{"id":13067,"href":"http:\/\/www.centroorizzontelavoro.it\/index.php\/wp-json\/wp\/v2\/posts\/13065\/revisions\/13067"}],"wp:attachment":[{"href":"http:\/\/www.centroorizzontelavoro.it\/index.php\/wp-json\/wp\/v2\/media?parent=13065"}],"wp:term":[{"taxonomy":"category","embeddable":true,"href":"http:\/\/www.centroorizzontelavoro.it\/index.php\/wp-json\/wp\/v2\/categories?post=13065"},{"taxonomy":"post_tag","embeddable":true,"href":"http:\/\/www.centroorizzontelavoro.it\/index.php\/wp-json\/wp\/v2\/tags?post=13065"}],"curies":[{"name":"wp","href":"https:\/\/api.w.org\/{rel}","templated":true}]}}